{"id":3272,"date":"2025-11-06T17:18:06","date_gmt":"2025-11-06T16:18:06","guid":{"rendered":"https:\/\/iluminatucaosinterior.com\/?p=3272"},"modified":"2025-11-06T17:34:41","modified_gmt":"2025-11-06T16:34:41","slug":"llama-sagrada-despertando-conciencias-en-equipos-negocios","status":"publish","type":"post","link":"https:\/\/annaseguraturu.cat\/ca\/llama-sagrada-despertando-conciencias-en-equipos-negocios\/","title":{"rendered":"Flama Sagrada: despertant consci\u00e8ncies en equips &amp; negocis"},"content":{"rendered":"<div data-elementor-type=\"wp-post\" data-elementor-id=\"3272\" class=\"elementor elementor-3272\" data-elementor-post-type=\"post\">\n\t\t\t\t<div class=\"elementor-element elementor-element-ce87b17 e-flex e-con-boxed e-con e-parent\" data-id=\"ce87b17\" data-element_type=\"container\" data-e-type=\"container\">\n\t\t\t\t\t<div class=\"e-con-inner\">\n\t\t\t\t<div class=\"elementor-element elementor-element-f96d42b elementor-widget elementor-widget-text-editor\" data-id=\"f96d42b\" data-element_type=\"widget\" data-e-type=\"widget\" data-widget_type=\"text-editor.default\">\n\t\t\t\t<div class=\"elementor-widget-container\">\n\t\t\t\t\t\t\t\t\t<p>\u00a0<\/p><div class=\"xt0psk2\"><p class=\"_ap3a _aaco _aacu _aacx _aad7 _aade\" dir=\"auto\">\ud83d\udcab <em><strong>Una creaci\u00f3 energ\u00e8tica pensada per a empreses que desitgen treballar des de la Llum, la cooperaci\u00f3 i l\u2019expansi\u00f3 de l\u2019\u00e0nima col\u00b7lectiva\ud83d\udc96<\/strong><\/em><\/p><p>\ud83d\udcab En un m\u00f3n on la feina sovint es converteix en sin\u00f2nim d\u2019estr\u00e8s i desconnexi\u00f3, sorgeix una proposta diferent: <strong data-start=\"802\" data-end=\"819\">Flama Sagrada<\/strong>, una espelma canalitzada especialment per a <strong data-start=\"860\" data-end=\"919\">equips de treball, emprenedors i l\u00edders conscients\ud83d\udcab\u00a0<\/strong><\/p><p data-start=\"924\" data-end=\"1328\">\ud83d\udc96 Creada des d'una profunda connexi\u00f3 espiritual, <em data-start=\"971\" data-end=\"986\">Flama Sagrada<\/em> no \u00e9s una espelma comuna. Cada espelma ha estat <strong data-start=\"1026\" data-end=\"1058\">intencionada i canalitzada energ\u00e8ticament<\/strong> per a<em> acompanyar processos d\u2019expansi\u00f3, harmonia i claredat<\/em> als espais on s'enc\u00e9n <strong data-start=\"860\" data-end=\"919\">\ud83d\udcab<\/strong><\/p><p data-start=\"924\" data-end=\"1328\">\ud83d\udc96 El teu <strong><em>prop\u00f2sit<\/em> <em>ca<\/em><\/strong> <strong data-start=\"1167\" data-end=\"1217\">elevar la vibraci\u00f3 dels ambients laborals<\/strong>, ajudant a fer que les decisions, les reunions i els projectes neixin des de la consci\u00e8ncia i no des de la pressa<strong data-start=\"860\" data-end=\"919\">\ud83d\udcab\u00a0<\/strong><\/p><p>\ud83d\udcab M\u00e9s que un objecte, <em data-start=\"1604\" data-end=\"1619\">Flama Sagrada<\/em> es converteix en un <strong data-start=\"1639\" data-end=\"1662\">ritual de pres\u00e8ncia<\/strong>: una pausa abans d\u2019iniciar la jornada, un recordatori que treballar tamb\u00e9 pot ser un acte sagrat\ud83d\udcab Amb la seva energia busca <strong data-start=\"1789\" data-end=\"1836\">alinear els cors dins dels equips\ud83d\udc96<\/strong>, fomentar la comunicaci\u00f3 des de l'empatia i obrir camins cap a decisions m\u00e9s conscients i creatives\ud83d\udcab<\/p><p>\ud83d\udc49\u201cQuan encenem una <em>Flama Sagrada<\/em>, recordem que darrere de cada tasca hi ha una \u00c0nima, darrere de cada empresa hi ha un prop\u00f2sit m\u00e9s gran\u201d. \u201c\u00c9s una eina de reconnexi\u00f3 amb l\u2019energia de la col\u00b7laboraci\u00f3 i el prop\u00f2sit compartit.\u201d\ud83d\udc96<\/p><p>\ud83d\udc49 Pots personalitzar-les al teu gust.<\/p><p>\ud83d\udc49 <span style=\"text-decoration: underline;\"><em>Espelmes exclusives i artesanals: les teves espelmes, elaborades sota demanda.<\/em><\/span><\/p><p data-start=\"1345\" data-end=\"1516\">Una abra\u00e7ada,<\/p><p data-start=\"1345\" data-end=\"1516\">Anna \ud83d\udc8c<\/p><p data-start=\"1345\" data-end=\"1516\">#LlamaSagrada #Consci\u00e8nciaEnElTreball #NegocisAmb\u00c0nima #DespertarCol\u00b7lectiu #EspiritualitatActiva #Vibraci\u00f3Alta #EquipsConscients #LlumInterior #Reconnectaci\u00f3<\/p><\/div>\t\t\t\t\t\t\t\t<\/div>\n\t\t\t\t<\/div>\n\t\t\t\t\t<\/div>\n\t\t\t\t<\/div>\n\t\t\t\t<\/div>","protected":false},"excerpt":{"rendered":"<p>\u00a0 \ud83d\udcab Una creaci\u00f3n energ\u00e9tica pensada para empresas que desean trabajar desde la Luz, la cooperaci\u00f3n y la expansi\u00f3n del alma colectiva\ud83d\udc96 \ud83d\udcab En un mundo donde el trabajo a menudo se convierte en sin\u00f3nimo de estr\u00e9s y desconexi\u00f3n, surge una propuesta diferente: Llama Sagrada, una vela canalizada especialmente para equipos de trabajo, emprendedores y [&hellip;]<\/p>\n","protected":false},"author":2,"featured_media":3270,"comment_status":"closed","ping_status":"closed","sticky":false,"template":"","format":"standard","meta":{"ocean_post_layout":"","ocean_both_sidebars_style":"","ocean_both_sidebars_content_width":0,"ocean_both_sidebars_sidebars_width":0,"ocean_sidebar":"","ocean_second_sidebar":"","ocean_disable_margins":"enable","ocean_add_body_class":"","ocean_shortcode_before_top_bar":"","ocean_shortcode_after_top_bar":"","ocean_shortcode_before_header":"","ocean_shortcode_after_header":"","ocean_has_shortcode":"","ocean_shortcode_after_title":"","ocean_shortcode_before_footer_widgets":"","ocean_shortcode_after_footer_widgets":"","ocean_shortcode_before_footer_bottom":"","ocean_shortcode_after_footer_bottom":"","ocean_display_top_bar":"default","ocean_display_header":"default","ocean_header_style":"","ocean_center_header_left_menu":"","ocean_custom_header_template":"","ocean_custom_logo":0,"ocean_custom_retina_logo":0,"ocean_custom_logo_max_width":0,"ocean_custom_logo_tablet_max_width":0,"ocean_custom_logo_mobile_max_width":0,"ocean_custom_logo_max_height":0,"ocean_custom_logo_tablet_max_height":0,"ocean_custom_logo_mobile_max_height":0,"ocean_header_custom_menu":"","ocean_menu_typo_font_family":"","ocean_menu_typo_font_subset":"","ocean_menu_typo_font_size":0,"ocean_menu_typo_font_size_tablet":0,"ocean_menu_typo_font_size_mobile":0,"ocean_menu_typo_font_size_unit":"px","ocean_menu_typo_font_weight":"","ocean_menu_typo_font_weight_tablet":"","ocean_menu_typo_font_weight_mobile":"","ocean_menu_typo_transform":"","ocean_menu_typo_transform_tablet":"","ocean_menu_typo_transform_mobile":"","ocean_menu_typo_line_height":0,"ocean_menu_typo_line_height_tablet":0,"ocean_menu_typo_line_height_mobile":0,"ocean_menu_typo_line_height_unit":"","ocean_menu_typo_spacing":0,"ocean_menu_typo_spacing_tablet":0,"ocean_menu_typo_spacing_mobile":0,"ocean_menu_typo_spacing_unit":"","ocean_menu_link_color":"","ocean_menu_link_color_hover":"","ocean_menu_link_color_active":"","ocean_menu_link_background":"","ocean_menu_link_hover_background":"","ocean_menu_link_active_background":"","ocean_menu_social_links_bg":"","ocean_menu_social_hover_links_bg":"","ocean_menu_social_links_color":"","ocean_menu_social_hover_links_color":"","ocean_disable_title":"default","ocean_disable_heading":"default","ocean_post_title":"","ocean_post_subheading":"","ocean_post_title_style":"","ocean_post_title_background_color":"","ocean_post_title_background":0,"ocean_post_title_bg_image_position":"","ocean_post_title_bg_image_attachment":"","ocean_post_title_bg_image_repeat":"","ocean_post_title_bg_image_size":"","ocean_post_title_height":0,"ocean_post_title_bg_overlay":0.5,"ocean_post_title_bg_overlay_color":"","ocean_disable_breadcrumbs":"default","ocean_breadcrumbs_color":"","ocean_breadcrumbs_separator_color":"","ocean_breadcrumbs_links_color":"","ocean_breadcrumbs_links_hover_color":"","ocean_display_footer_widgets":"default","ocean_display_footer_bottom":"default","ocean_custom_footer_template":"","osh_disable_topbar_sticky":"default","osh_disable_header_sticky":"default","osh_sticky_header_style":"default","osh_sticky_header_effect":"","osh_custom_sticky_logo":0,"osh_custom_retina_sticky_logo":0,"osh_custom_sticky_logo_height":0,"osh_background_color":"","osh_links_color":"","osh_links_hover_color":"","osh_links_active_color":"","osh_links_bg_color":"","osh_links_hover_bg_color":"","osh_links_active_bg_color":"","osh_menu_social_links_color":"","osh_menu_social_hover_links_color":"","ocean_post_oembed":"","ocean_post_self_hosted_media":"","ocean_post_video_embed":"","ocean_link_format":"","ocean_link_format_target":"self","ocean_quote_format":"","ocean_quote_format_link":"post","ocean_gallery_link_images":"on","ocean_gallery_id":[],"footnotes":""},"categories":[7],"tags":[],"class_list":["post-3272","post","type-post","status-publish","format-standard","has-post-thumbnail","hentry","category-noticia","entry","has-media"],"_links":{"self":[{"href":"https:\/\/annaseguraturu.cat\/ca\/wp-json\/wp\/v2\/posts\/3272","targetHints":{"allow":["GET"]}}],"collection":[{"href":"https:\/\/annaseguraturu.cat\/ca\/wp-json\/wp\/v2\/posts"}],"about":[{"href":"https:\/\/annaseguraturu.cat\/ca\/wp-json\/wp\/v2\/types\/post"}],"author":[{"embeddable":true,"href":"https:\/\/annaseguraturu.cat\/ca\/wp-json\/wp\/v2\/users\/2"}],"replies":[{"embeddable":true,"href":"https:\/\/annaseguraturu.cat\/ca\/wp-json\/wp\/v2\/comments?post=3272"}],"version-history":[{"count":4,"href":"https:\/\/annaseguraturu.cat\/ca\/wp-json\/wp\/v2\/posts\/3272\/revisions"}],"predecessor-version":[{"id":3277,"href":"https:\/\/annaseguraturu.cat\/ca\/wp-json\/wp\/v2\/posts\/3272\/revisions\/3277"}],"wp:featuredmedia":[{"embeddable":true,"href":"https:\/\/annaseguraturu.cat\/ca\/wp-json\/wp\/v2\/media\/3270"}],"wp:attachment":[{"href":"https:\/\/annaseguraturu.cat\/ca\/wp-json\/wp\/v2\/media?parent=3272"}],"wp:term":[{"taxonomy":"category","embeddable":true,"href":"https:\/\/annaseguraturu.cat\/ca\/wp-json\/wp\/v2\/categories?post=3272"},{"taxonomy":"post_tag","embeddable":true,"href":"https:\/\/annaseguraturu.cat\/ca\/wp-json\/wp\/v2\/tags?post=3272"}],"curies":[{"name":"wp","href":"https:\/\/api.w.org\/{rel}","templated":true}]}}