{"id":2524,"date":"2025-06-02T15:18:29","date_gmt":"2025-06-02T13:18:29","guid":{"rendered":"https:\/\/iluminatucaosinterior.com\/?p=2524"},"modified":"2025-06-02T15:43:43","modified_gmt":"2025-06-02T13:43:43","slug":"lecciones-de-vida","status":"publish","type":"post","link":"https:\/\/annaseguraturu.cat\/ca\/lecciones-de-vida\/","title":{"rendered":"Lli\u00e7ons de vida&#8230;"},"content":{"rendered":"<div data-elementor-type=\"wp-post\" data-elementor-id=\"2524\" class=\"elementor elementor-2524\" data-elementor-post-type=\"post\">\n\t\t\t\t<div class=\"elementor-element elementor-element-ce87b17 e-flex e-con-boxed e-con e-parent\" data-id=\"ce87b17\" data-element_type=\"container\" data-e-type=\"container\">\n\t\t\t\t\t<div class=\"e-con-inner\">\n\t\t\t\t<div class=\"elementor-element elementor-element-f96d42b elementor-widget elementor-widget-text-editor\" data-id=\"f96d42b\" data-element_type=\"widget\" data-e-type=\"widget\" data-widget_type=\"text-editor.default\">\n\t\t\t\t<div class=\"elementor-widget-container\">\n\t\t\t\t\t\t\t\t\t<p>\u2728A vegades, les lli\u00e7ons m\u00e9s grans de Vida les reps de llocs i de persones de qui no t\u2019ho esperes\u2728<\/p><p>Aqu\u00ed deixo el meu relat de com una experi\u00e8ncia a la muntanya em va transformar:<\/p><p>I \u00e9s que, fa uns dies em vaig apuntar a fer una excursi\u00f3 juntament amb un equip de muntanyencs. Tenia molt\u00edssimes ganes d\u2019anar-hi, m\u2019agrada anar a la muntanya i m\u2019havien parlat de la ruta, que era tan bonica com un conte de fades.\u00a0<\/p><p>S\u00ed, hi vaig anar amb moltes ganes, per\u00f2, sent honesta, sense la preparaci\u00f3 que aquell entorn requeria.<br \/>Durant la ruta em vaig sentir desbordada i vaig haver d\u2019abandonar l\u2019excursi\u00f3. El ritme era molt diferent del meu, aix\u00ed que amb humilitat vaig haver de fer un pas enrere.<\/p><p>Al cap d\u2019unes hores, quan ja era a casa, vaig rebre un missatge d\u2019un dels membres del grup que, tot i que va ser dur de llegir, va acabar sent una de les lli\u00e7ons m\u00e9s valuoses que he tingut en molt de temps.<br \/>Una de les frases deia (en catal\u00e0):<\/p><p><strong>\u201c<\/strong><em><strong>A la muntanya no s\u2019hi ve a fer proves ni \u2018tests\u2019\u2026 Amb segons quines actituds poses en perill la teva salut i la dels altres<\/strong>.\u201d<\/em><\/p><p>\ud83d\udccc Aquell missatge em va confrontar. Parlava de responsabilitat individual, de consci\u00e8ncia col\u00b7lectiva, de la import\u00e0ncia de preparar-se abans de compartir un cam\u00ed amb altres. Em q\u00fcestionava coses b\u00e0siques, per\u00f2 crucials:<br \/>Estava ben equipada?<br \/>Coneixia el terreny?<br \/>Portava prou aigua i menjar?<br \/>Era conscient de l\u2019impacte que el meu estat i les meves decisions tenien sobre el grup?<\/p><p>\ud83c\udfaf Al principi em vaig sentir molt malament. Em va doldre el to. Va ser com una fletxa directa al meu cor i a la meva bondat perqu\u00e8 en un altre missatge em deia que havia estat egoista. Per\u00f2 despr\u00e9s, amb calma, vaig entendre la intenci\u00f3: recordar-me que no n\u2019hi ha prou amb tenir ganes.<br \/>Cal estar preparada. Ser responsable. Saber on ets i amb qui est\u00e0s caminant.<\/p><p>I aleshores vaig veure amb claredat el paral\u00b7lelisme amb la vida professional:<\/p><p>\ud83d\udc49 En els negocis, com a la muntanya, no ens podem permetre \u201cprovar\u201d si no hi anem preparats.<br \/>\ud83d\udc49 No es tracta d\u2019impressionar, sin\u00f3 d\u2019aportar sense posar en risc l\u2019equip.<br \/>\ud83d\udc49 Participar en un projecte, liderar una iniciativa o unir-se a un equip implica un m\u00ednim de consci\u00e8ncia, respecte i preparaci\u00f3 pr\u00e8via.<\/p><p>I, tamb\u00e9 aplicat a la vida personal:<\/p><p>\ud83d\udc49 Tenir ganes d\u2019estar amb alg\u00fa \u00e9s molt bonic per\u00f2.. abans t\u2019has de preparar, curar les teves ferides emocionals i ser la millor versi\u00f3 per sumar i fer equip.<\/p><p>\ud83d\udca1 Avui, aquella experi\u00e8ncia \u2014que al principi em va fer sentir vulnerable\u2014 s\u2019ha convertit en un punt d\u2019inflexi\u00f3.<br \/>He compr\u00e8s que cr\u00e9ixer tamb\u00e9 \u00e9s deixar de justificar-se, assumir all\u00f2 que va faltar i prendre acci\u00f3 per millorar.<br \/>Perqu\u00e8 no sempre estem a l\u2019altura\u2026 per\u00f2 sempre podem decidir preparar-nos per estar-ho.<br \/>Gr\u00e0cies a aquella persona que em va dir all\u00f2 que no volia sentir, per\u00f2 que necessitava escoltar.<br \/>Gr\u00e0cies a la muntanya per mostrar-me, una vegada m\u00e9s, que el cim s\u2019assoleix pas a pas, per\u00f2 tamb\u00e9 amb humilitat i consci\u00e8ncia.<\/p><p>T'abra\u00e7o,<\/p><p>Anna\u2764\ufe0f<\/p>\t\t\t\t\t\t\t\t<\/div>\n\t\t\t\t<\/div>\n\t\t\t\t\t<\/div>\n\t\t\t\t<\/div>\n\t\t\t\t<\/div>","protected":false},"excerpt":{"rendered":"<p>\u2728A veces, las mayores lecciones de Vida las recibes de lugares y de personas que no te esperas\u2728 Aqu\u00ed dejo mi relato de c\u00f3mo una experiencia en la monta\u00f1a me transform\u00f3: Y es que, hace unos d\u00edas me apunt\u00e9 a hacer una excursi\u00f3n junto con un equipo de monta\u00f1eros. Ten\u00eda much\u00edsimas ganas de ir, me [&hellip;]<\/p>\n","protected":false},"author":2,"featured_media":2526,"comment_status":"closed","ping_status":"closed","sticky":false,"template":"","format":"standard","meta":{"ocean_post_layout":"","ocean_both_sidebars_style":"","ocean_both_sidebars_content_width":0,"ocean_both_sidebars_sidebars_width":0,"ocean_sidebar":"","ocean_second_sidebar":"","ocean_disable_margins":"enable","ocean_add_body_class":"","ocean_shortcode_before_top_bar":"","ocean_shortcode_after_top_bar":"","ocean_shortcode_before_header":"","ocean_shortcode_after_header":"","ocean_has_shortcode":"","ocean_shortcode_after_title":"","ocean_shortcode_before_footer_widgets":"","ocean_shortcode_after_footer_widgets":"","ocean_shortcode_before_footer_bottom":"","ocean_shortcode_after_footer_bottom":"","ocean_display_top_bar":"default","ocean_display_header":"default","ocean_header_style":"","ocean_center_header_left_menu":"","ocean_custom_header_template":"","ocean_custom_logo":0,"ocean_custom_retina_logo":0,"ocean_custom_logo_max_width":0,"ocean_custom_logo_tablet_max_width":0,"ocean_custom_logo_mobile_max_width":0,"ocean_custom_logo_max_height":0,"ocean_custom_logo_tablet_max_height":0,"ocean_custom_logo_mobile_max_height":0,"ocean_header_custom_menu":"","ocean_menu_typo_font_family":"","ocean_menu_typo_font_subset":"","ocean_menu_typo_font_size":0,"ocean_menu_typo_font_size_tablet":0,"ocean_menu_typo_font_size_mobile":0,"ocean_menu_typo_font_size_unit":"px","ocean_menu_typo_font_weight":"","ocean_menu_typo_font_weight_tablet":"","ocean_menu_typo_font_weight_mobile":"","ocean_menu_typo_transform":"","ocean_menu_typo_transform_tablet":"","ocean_menu_typo_transform_mobile":"","ocean_menu_typo_line_height":0,"ocean_menu_typo_line_height_tablet":0,"ocean_menu_typo_line_height_mobile":0,"ocean_menu_typo_line_height_unit":"","ocean_menu_typo_spacing":0,"ocean_menu_typo_spacing_tablet":0,"ocean_menu_typo_spacing_mobile":0,"ocean_menu_typo_spacing_unit":"","ocean_menu_link_color":"","ocean_menu_link_color_hover":"","ocean_menu_link_color_active":"","ocean_menu_link_background":"","ocean_menu_link_hover_background":"","ocean_menu_link_active_background":"","ocean_menu_social_links_bg":"","ocean_menu_social_hover_links_bg":"","ocean_menu_social_links_color":"","ocean_menu_social_hover_links_color":"","ocean_disable_title":"default","ocean_disable_heading":"default","ocean_post_title":"","ocean_post_subheading":"","ocean_post_title_style":"","ocean_post_title_background_color":"","ocean_post_title_background":0,"ocean_post_title_bg_image_position":"","ocean_post_title_bg_image_attachment":"","ocean_post_title_bg_image_repeat":"","ocean_post_title_bg_image_size":"","ocean_post_title_height":0,"ocean_post_title_bg_overlay":0.5,"ocean_post_title_bg_overlay_color":"","ocean_disable_breadcrumbs":"default","ocean_breadcrumbs_color":"","ocean_breadcrumbs_separator_color":"","ocean_breadcrumbs_links_color":"","ocean_breadcrumbs_links_hover_color":"","ocean_display_footer_widgets":"default","ocean_display_footer_bottom":"default","ocean_custom_footer_template":"","osh_disable_topbar_sticky":"default","osh_disable_header_sticky":"default","osh_sticky_header_style":"default","osh_sticky_header_effect":"","osh_custom_sticky_logo":0,"osh_custom_retina_sticky_logo":0,"osh_custom_sticky_logo_height":0,"osh_background_color":"","osh_links_color":"","osh_links_hover_color":"","osh_links_active_color":"","osh_links_bg_color":"","osh_links_hover_bg_color":"","osh_links_active_bg_color":"","osh_menu_social_links_color":"","osh_menu_social_hover_links_color":"","ocean_post_oembed":"","ocean_post_self_hosted_media":"","ocean_post_video_embed":"","ocean_link_format":"","ocean_link_format_target":"self","ocean_quote_format":"","ocean_quote_format_link":"post","ocean_gallery_link_images":"on","ocean_gallery_id":[],"footnotes":""},"categories":[7],"tags":[],"class_list":["post-2524","post","type-post","status-publish","format-standard","has-post-thumbnail","hentry","category-noticia","entry","has-media"],"_links":{"self":[{"href":"https:\/\/annaseguraturu.cat\/ca\/wp-json\/wp\/v2\/posts\/2524","targetHints":{"allow":["GET"]}}],"collection":[{"href":"https:\/\/annaseguraturu.cat\/ca\/wp-json\/wp\/v2\/posts"}],"about":[{"href":"https:\/\/annaseguraturu.cat\/ca\/wp-json\/wp\/v2\/types\/post"}],"author":[{"embeddable":true,"href":"https:\/\/annaseguraturu.cat\/ca\/wp-json\/wp\/v2\/users\/2"}],"replies":[{"embeddable":true,"href":"https:\/\/annaseguraturu.cat\/ca\/wp-json\/wp\/v2\/comments?post=2524"}],"version-history":[{"count":4,"href":"https:\/\/annaseguraturu.cat\/ca\/wp-json\/wp\/v2\/posts\/2524\/revisions"}],"predecessor-version":[{"id":2531,"href":"https:\/\/annaseguraturu.cat\/ca\/wp-json\/wp\/v2\/posts\/2524\/revisions\/2531"}],"wp:featuredmedia":[{"embeddable":true,"href":"https:\/\/annaseguraturu.cat\/ca\/wp-json\/wp\/v2\/media\/2526"}],"wp:attachment":[{"href":"https:\/\/annaseguraturu.cat\/ca\/wp-json\/wp\/v2\/media?parent=2524"}],"wp:term":[{"taxonomy":"category","embeddable":true,"href":"https:\/\/annaseguraturu.cat\/ca\/wp-json\/wp\/v2\/categories?post=2524"},{"taxonomy":"post_tag","embeddable":true,"href":"https:\/\/annaseguraturu.cat\/ca\/wp-json\/wp\/v2\/tags?post=2524"}],"curies":[{"name":"wp","href":"https:\/\/api.w.org\/{rel}","templated":true}]}}