{"id":2399,"date":"2025-05-19T19:01:22","date_gmt":"2025-05-19T17:01:22","guid":{"rendered":"https:\/\/iluminatucaosinterior.com\/?p=2399"},"modified":"2025-05-19T19:38:47","modified_gmt":"2025-05-19T17:38:47","slug":"que-te-pide-la-vida","status":"publish","type":"post","link":"https:\/\/annaseguraturu.cat\/ca\/que-te-pide-la-vida\/","title":{"rendered":"Qu\u00e8 em demana la Vida?"},"content":{"rendered":"<div data-elementor-type=\"wp-post\" data-elementor-id=\"2399\" class=\"elementor elementor-2399\" data-elementor-post-type=\"post\">\n\t\t\t\t<div class=\"elementor-element elementor-element-ce87b17 e-flex e-con-boxed e-con e-parent\" data-id=\"ce87b17\" data-element_type=\"container\" data-e-type=\"container\">\n\t\t\t\t\t<div class=\"e-con-inner\">\n\t\t\t\t<div class=\"elementor-element elementor-element-f96d42b elementor-widget elementor-widget-text-editor\" data-id=\"f96d42b\" data-element_type=\"widget\" data-e-type=\"widget\" data-widget_type=\"text-editor.default\">\n\t\t\t\t<div class=\"elementor-widget-container\">\n\t\t\t\t\t\t\t\t\t<p>\u2728 En les meves consultes abunden cada vegada m\u00e9s el buit, els dubtes, la confusi\u00f3, estar totalment desorientats, el no saber gestionar les emocions davant d\u2019aquests reptes que et tramet la Vida.<\/p><p>\u2728 En base a la meva experi\u00e8ncia i en la majoria de persones que s\u2019acosten a mi, la gran pregunta que es q\u00fcestionen \u00e9s la seg\u00fcent:<\/p><ul><li><em><strong>\u00a0Qu\u00e8 m\u2019est\u00e0 demanant la Vida?<\/strong><\/em><\/li><\/ul><p>\u2728 La resposta \u00e9s simple i alhora complexa, ja que \u00e9s dif\u00edcil saber gestionar la situaci\u00f3 des d\u2019una altra perspectiva si deixem de banda l\u2019Ego.<\/p><p>\u2728 I \u00e9s que la Vida nom\u00e9s t\u2019est\u00e0 mostrant el que portes a dins i que no et permets parar a escoltar-te i reflexionar sobre tu i sobre la teva manera de viure.<\/p><p>\u2728 La Vida t\u2019enviar\u00e0 tants obstacles i desafiaments com resist\u00e8ncies posis davant la teva veritable Felicitat.<\/p><p>\u2728 Perqu\u00e8 s\u00ed, la Vida es tracta de SENTIR.<\/p><p>\u2728 Quan comprenguis que la Vida no et demana sacrificis ni patiments; sin\u00f3 fluir, que emanis felicitat, no for\u00e7ar, deixar anar el control amb amor, haur\u00e0s ent\u00e8s de qu\u00e8 es tracta la VIDA.<\/p><p>\u2728 Recorda que en cada acci\u00f3 hi ha una conseq\u00fc\u00e8ncia i una responsabilitat. Comen\u00e7a per tu, per escoltar-te, per estimar-te, per saber posar l\u00edmits sans. Els l\u00edmits els poses tu.<\/p><p>\u2728En lloc de preguntar-te qu\u00e8 \u00e9s el que t\u2019est\u00e0 demanant la Vida et recomano que et q\u00fcestionis:\u00a0<\/p><ul><li>S\u00f3c on vull estar?<\/li><li>Sento i irradio Felicitat en el meu dia a dia?<\/li><li>Realment m\u2019estimo i em nodreixo amb vincles saludables, augmentant el meu benestar?<\/li><li>Quan va ser el dia que vaig deixar de complaure els altres per poder encaixar?<\/li><li>Quants \u00abNo\u00bb he utilitzat en els \u00faltims dies, mesos sense sentir-me culpable?<\/li><li>Em permeto aquest espai per nodrir la meva \u00c0nima?<\/li><\/ul><p>D\u2019aquesta manera et sentir\u00e0s amb m\u00e9s Pau mental i Benestar interior.<\/p><p>T'abra\u00e7o,<\/p><p>Anna\u2764\ufe0f<\/p>\t\t\t\t\t\t\t\t<\/div>\n\t\t\t\t<\/div>\n\t\t\t\t\t<\/div>\n\t\t\t\t<\/div>\n\t\t\t\t<\/div>","protected":false},"excerpt":{"rendered":"<p>\u2728 En mis consultas abundan cada vez m\u00e1s el vac\u00edo, las dudas, la confusi\u00f3n, estar totalmente desorientados, el no saber gestionar las emociones ante tales desaf\u00edos que te env\u00eda la Vida. \u2728 En base a mi experiencia y en la mayor\u00eda de personas que se acercan a m\u00ed, la gran pregunta que se cuestionan es [&hellip;]<\/p>\n","protected":false},"author":2,"featured_media":1013,"comment_status":"closed","ping_status":"closed","sticky":false,"template":"","format":"standard","meta":{"ocean_post_layout":"","ocean_both_sidebars_style":"","ocean_both_sidebars_content_width":0,"ocean_both_sidebars_sidebars_width":0,"ocean_sidebar":"","ocean_second_sidebar":"","ocean_disable_margins":"enable","ocean_add_body_class":"","ocean_shortcode_before_top_bar":"","ocean_shortcode_after_top_bar":"","ocean_shortcode_before_header":"","ocean_shortcode_after_header":"","ocean_has_shortcode":"","ocean_shortcode_after_title":"","ocean_shortcode_before_footer_widgets":"","ocean_shortcode_after_footer_widgets":"","ocean_shortcode_before_footer_bottom":"","ocean_shortcode_after_footer_bottom":"","ocean_display_top_bar":"default","ocean_display_header":"default","ocean_header_style":"","ocean_center_header_left_menu":"","ocean_custom_header_template":"","ocean_custom_logo":0,"ocean_custom_retina_logo":0,"ocean_custom_logo_max_width":0,"ocean_custom_logo_tablet_max_width":0,"ocean_custom_logo_mobile_max_width":0,"ocean_custom_logo_max_height":0,"ocean_custom_logo_tablet_max_height":0,"ocean_custom_logo_mobile_max_height":0,"ocean_header_custom_menu":"","ocean_menu_typo_font_family":"","ocean_menu_typo_font_subset":"","ocean_menu_typo_font_size":0,"ocean_menu_typo_font_size_tablet":0,"ocean_menu_typo_font_size_mobile":0,"ocean_menu_typo_font_size_unit":"px","ocean_menu_typo_font_weight":"","ocean_menu_typo_font_weight_tablet":"","ocean_menu_typo_font_weight_mobile":"","ocean_menu_typo_transform":"","ocean_menu_typo_transform_tablet":"","ocean_menu_typo_transform_mobile":"","ocean_menu_typo_line_height":0,"ocean_menu_typo_line_height_tablet":0,"ocean_menu_typo_line_height_mobile":0,"ocean_menu_typo_line_height_unit":"","ocean_menu_typo_spacing":0,"ocean_menu_typo_spacing_tablet":0,"ocean_menu_typo_spacing_mobile":0,"ocean_menu_typo_spacing_unit":"","ocean_menu_link_color":"","ocean_menu_link_color_hover":"","ocean_menu_link_color_active":"","ocean_menu_link_background":"","ocean_menu_link_hover_background":"","ocean_menu_link_active_background":"","ocean_menu_social_links_bg":"","ocean_menu_social_hover_links_bg":"","ocean_menu_social_links_color":"","ocean_menu_social_hover_links_color":"","ocean_disable_title":"default","ocean_disable_heading":"default","ocean_post_title":"","ocean_post_subheading":"","ocean_post_title_style":"","ocean_post_title_background_color":"","ocean_post_title_background":0,"ocean_post_title_bg_image_position":"","ocean_post_title_bg_image_attachment":"","ocean_post_title_bg_image_repeat":"","ocean_post_title_bg_image_size":"","ocean_post_title_height":0,"ocean_post_title_bg_overlay":0.5,"ocean_post_title_bg_overlay_color":"","ocean_disable_breadcrumbs":"default","ocean_breadcrumbs_color":"","ocean_breadcrumbs_separator_color":"","ocean_breadcrumbs_links_color":"","ocean_breadcrumbs_links_hover_color":"","ocean_display_footer_widgets":"default","ocean_display_footer_bottom":"default","ocean_custom_footer_template":"","osh_disable_topbar_sticky":"default","osh_disable_header_sticky":"default","osh_sticky_header_style":"default","osh_sticky_header_effect":"","osh_custom_sticky_logo":0,"osh_custom_retina_sticky_logo":0,"osh_custom_sticky_logo_height":0,"osh_background_color":"","osh_links_color":"","osh_links_hover_color":"","osh_links_active_color":"","osh_links_bg_color":"","osh_links_hover_bg_color":"","osh_links_active_bg_color":"","osh_menu_social_links_color":"","osh_menu_social_hover_links_color":"","ocean_post_oembed":"","ocean_post_self_hosted_media":"","ocean_post_video_embed":"","ocean_link_format":"","ocean_link_format_target":"self","ocean_quote_format":"","ocean_quote_format_link":"post","ocean_gallery_link_images":"on","ocean_gallery_id":[],"footnotes":""},"categories":[7],"tags":[],"class_list":["post-2399","post","type-post","status-publish","format-standard","has-post-thumbnail","hentry","category-noticia","entry","has-media"],"_links":{"self":[{"href":"https:\/\/annaseguraturu.cat\/ca\/wp-json\/wp\/v2\/posts\/2399","targetHints":{"allow":["GET"]}}],"collection":[{"href":"https:\/\/annaseguraturu.cat\/ca\/wp-json\/wp\/v2\/posts"}],"about":[{"href":"https:\/\/annaseguraturu.cat\/ca\/wp-json\/wp\/v2\/types\/post"}],"author":[{"embeddable":true,"href":"https:\/\/annaseguraturu.cat\/ca\/wp-json\/wp\/v2\/users\/2"}],"replies":[{"embeddable":true,"href":"https:\/\/annaseguraturu.cat\/ca\/wp-json\/wp\/v2\/comments?post=2399"}],"version-history":[{"count":14,"href":"https:\/\/annaseguraturu.cat\/ca\/wp-json\/wp\/v2\/posts\/2399\/revisions"}],"predecessor-version":[{"id":2413,"href":"https:\/\/annaseguraturu.cat\/ca\/wp-json\/wp\/v2\/posts\/2399\/revisions\/2413"}],"wp:featuredmedia":[{"embeddable":true,"href":"https:\/\/annaseguraturu.cat\/ca\/wp-json\/wp\/v2\/media\/1013"}],"wp:attachment":[{"href":"https:\/\/annaseguraturu.cat\/ca\/wp-json\/wp\/v2\/media?parent=2399"}],"wp:term":[{"taxonomy":"category","embeddable":true,"href":"https:\/\/annaseguraturu.cat\/ca\/wp-json\/wp\/v2\/categories?post=2399"},{"taxonomy":"post_tag","embeddable":true,"href":"https:\/\/annaseguraturu.cat\/ca\/wp-json\/wp\/v2\/tags?post=2399"}],"curies":[{"name":"wp","href":"https:\/\/api.w.org\/{rel}","templated":true}]}}