{"id":1904,"date":"2025-02-10T18:04:42","date_gmt":"2025-02-10T17:04:42","guid":{"rendered":"https:\/\/iluminatucaosinterior.com\/?p=1904"},"modified":"2025-02-10T19:27:22","modified_gmt":"2025-02-10T18:27:22","slug":"entrevista-en-nueva-humanidad","status":"publish","type":"post","link":"https:\/\/annaseguraturu.cat\/ca\/entrevista-en-nueva-humanidad\/","title":{"rendered":"Entrevista a \u2018Nova Humanitat\u2019"},"content":{"rendered":"<div data-elementor-type=\"wp-post\" data-elementor-id=\"1904\" class=\"elementor elementor-1904\" data-elementor-post-type=\"post\">\n\t\t\t\t<div class=\"elementor-element elementor-element-ce87b17 e-flex e-con-boxed e-con e-parent\" data-id=\"ce87b17\" data-element_type=\"container\" data-e-type=\"container\">\n\t\t\t\t\t<div class=\"e-con-inner\">\n\t\t\t\t<div class=\"elementor-element elementor-element-f96d42b elementor-widget elementor-widget-text-editor\" data-id=\"f96d42b\" data-element_type=\"widget\" data-e-type=\"widget\" data-widget_type=\"text-editor.default\">\n\t\t\t\t<div class=\"elementor-widget-container\">\n\t\t\t\t\t\t\t\t\t<p><strong>Dilluns 10 de febrer a les 18 h s\u2019estrena l\u2019entrevista amb Francisco Garc\u00eda a <\/strong><b>Nova Humanitat TV.<\/b><\/p><p>\u2728Una trobada m\u00e0gica en qu\u00e8 vaig poder transmetre la meva experi\u00e8ncia vital m\u00e9s sincera, per la qual vaig passar des que em van diagnosticar una malaltia terminal als 23 anys.<\/p><p>\u2728 El meu llibre <strong><em>Il\u00b7lumina el teu caos interior<\/em><\/strong>&#8216; reflecteix a manera de resum la meva hist\u00f2ria personal: una hist\u00f2ria de superaci\u00f3 vital amb aprenentatges plens de saviesa i que arriben a l\u2019\u00c0nima per sanar i evolucionar.<\/p><p><em>\u2728Et deixo l'_enlla\u00e7_ perqu\u00e8 puguis connectar-t'hi i veure\/escoltar l'entrevista juntament amb missatges canalitzats:<\/em><\/p><p><strong><a href=\"https:\/\/youtu.be\/826JiwKo2dU?si=sdCRfEj7RX6_mhG-\">**** https:\/\/youtu.be\/826JiwKo2dU?si=sdCRfEj7RX6_mhG- ****<\/a><\/strong><\/p><p>\u2728Inverteix en tu!\u00a0<\/p><p>\u2728T'ESTIMO,<\/p><p>\u2728Anna Segura\u2764\ufe0f<\/p>\t\t\t\t\t\t\t\t<\/div>\n\t\t\t\t<\/div>\n\t\t\t\t\t<\/div>\n\t\t\t\t<\/div>\n\t\t\t\t<\/div>","protected":false},"excerpt":{"rendered":"<p>El lunes 10 de Febrero a las 18h se estrena la entrevista con Francisco Garc\u00eda en Nueva Humanidad TV. \u2728Un encuentro m\u00e1gico en el que pude transmitir mi m\u00e1s sincera experiencia vital por la que pas\u00e9 desde que me diagnosticaron una enfermedad terminal a los 23 a\u00f1os. \u2728 Mi \u00a0libro &#8216;Ilumina tu caos interior&#8216; refleja [&hellip;]<\/p>\n","protected":false},"author":2,"featured_media":1905,"comment_status":"closed","ping_status":"closed","sticky":false,"template":"","format":"standard","meta":{"ocean_post_layout":"","ocean_both_sidebars_style":"","ocean_both_sidebars_content_width":0,"ocean_both_sidebars_sidebars_width":0,"ocean_sidebar":"","ocean_second_sidebar":"","ocean_disable_margins":"enable","ocean_add_body_class":"","ocean_shortcode_before_top_bar":"","ocean_shortcode_after_top_bar":"","ocean_shortcode_before_header":"","ocean_shortcode_after_header":"","ocean_has_shortcode":"","ocean_shortcode_after_title":"","ocean_shortcode_before_footer_widgets":"","ocean_shortcode_after_footer_widgets":"","ocean_shortcode_before_footer_bottom":"","ocean_shortcode_after_footer_bottom":"","ocean_display_top_bar":"default","ocean_display_header":"default","ocean_header_style":"","ocean_center_header_left_menu":"","ocean_custom_header_template":"","ocean_custom_logo":0,"ocean_custom_retina_logo":0,"ocean_custom_logo_max_width":0,"ocean_custom_logo_tablet_max_width":0,"ocean_custom_logo_mobile_max_width":0,"ocean_custom_logo_max_height":0,"ocean_custom_logo_tablet_max_height":0,"ocean_custom_logo_mobile_max_height":0,"ocean_header_custom_menu":"","ocean_menu_typo_font_family":"","ocean_menu_typo_font_subset":"","ocean_menu_typo_font_size":0,"ocean_menu_typo_font_size_tablet":0,"ocean_menu_typo_font_size_mobile":0,"ocean_menu_typo_font_size_unit":"px","ocean_menu_typo_font_weight":"","ocean_menu_typo_font_weight_tablet":"","ocean_menu_typo_font_weight_mobile":"","ocean_menu_typo_transform":"","ocean_menu_typo_transform_tablet":"","ocean_menu_typo_transform_mobile":"","ocean_menu_typo_line_height":0,"ocean_menu_typo_line_height_tablet":0,"ocean_menu_typo_line_height_mobile":0,"ocean_menu_typo_line_height_unit":"","ocean_menu_typo_spacing":0,"ocean_menu_typo_spacing_tablet":0,"ocean_menu_typo_spacing_mobile":0,"ocean_menu_typo_spacing_unit":"","ocean_menu_link_color":"","ocean_menu_link_color_hover":"","ocean_menu_link_color_active":"","ocean_menu_link_background":"","ocean_menu_link_hover_background":"","ocean_menu_link_active_background":"","ocean_menu_social_links_bg":"","ocean_menu_social_hover_links_bg":"","ocean_menu_social_links_color":"","ocean_menu_social_hover_links_color":"","ocean_disable_title":"default","ocean_disable_heading":"default","ocean_post_title":"","ocean_post_subheading":"","ocean_post_title_style":"","ocean_post_title_background_color":"","ocean_post_title_background":0,"ocean_post_title_bg_image_position":"","ocean_post_title_bg_image_attachment":"","ocean_post_title_bg_image_repeat":"","ocean_post_title_bg_image_size":"","ocean_post_title_height":0,"ocean_post_title_bg_overlay":0.5,"ocean_post_title_bg_overlay_color":"","ocean_disable_breadcrumbs":"default","ocean_breadcrumbs_color":"","ocean_breadcrumbs_separator_color":"","ocean_breadcrumbs_links_color":"","ocean_breadcrumbs_links_hover_color":"","ocean_display_footer_widgets":"default","ocean_display_footer_bottom":"default","ocean_custom_footer_template":"","osh_disable_topbar_sticky":"default","osh_disable_header_sticky":"default","osh_sticky_header_style":"default","osh_sticky_header_effect":"","osh_custom_sticky_logo":0,"osh_custom_retina_sticky_logo":0,"osh_custom_sticky_logo_height":0,"osh_background_color":"","osh_links_color":"","osh_links_hover_color":"","osh_links_active_color":"","osh_links_bg_color":"","osh_links_hover_bg_color":"","osh_links_active_bg_color":"","osh_menu_social_links_color":"","osh_menu_social_hover_links_color":"","ocean_post_oembed":"","ocean_post_self_hosted_media":"","ocean_post_video_embed":"","ocean_link_format":"","ocean_link_format_target":"self","ocean_quote_format":"","ocean_quote_format_link":"post","ocean_gallery_link_images":"on","ocean_gallery_id":[],"footnotes":""},"categories":[7],"tags":[],"class_list":["post-1904","post","type-post","status-publish","format-standard","has-post-thumbnail","hentry","category-noticia","entry","has-media"],"_links":{"self":[{"href":"https:\/\/annaseguraturu.cat\/ca\/wp-json\/wp\/v2\/posts\/1904","targetHints":{"allow":["GET"]}}],"collection":[{"href":"https:\/\/annaseguraturu.cat\/ca\/wp-json\/wp\/v2\/posts"}],"about":[{"href":"https:\/\/annaseguraturu.cat\/ca\/wp-json\/wp\/v2\/types\/post"}],"author":[{"embeddable":true,"href":"https:\/\/annaseguraturu.cat\/ca\/wp-json\/wp\/v2\/users\/2"}],"replies":[{"embeddable":true,"href":"https:\/\/annaseguraturu.cat\/ca\/wp-json\/wp\/v2\/comments?post=1904"}],"version-history":[{"count":5,"href":"https:\/\/annaseguraturu.cat\/ca\/wp-json\/wp\/v2\/posts\/1904\/revisions"}],"predecessor-version":[{"id":1910,"href":"https:\/\/annaseguraturu.cat\/ca\/wp-json\/wp\/v2\/posts\/1904\/revisions\/1910"}],"wp:featuredmedia":[{"embeddable":true,"href":"https:\/\/annaseguraturu.cat\/ca\/wp-json\/wp\/v2\/media\/1905"}],"wp:attachment":[{"href":"https:\/\/annaseguraturu.cat\/ca\/wp-json\/wp\/v2\/media?parent=1904"}],"wp:term":[{"taxonomy":"category","embeddable":true,"href":"https:\/\/annaseguraturu.cat\/ca\/wp-json\/wp\/v2\/categories?post=1904"},{"taxonomy":"post_tag","embeddable":true,"href":"https:\/\/annaseguraturu.cat\/ca\/wp-json\/wp\/v2\/tags?post=1904"}],"curies":[{"name":"wp","href":"https:\/\/api.w.org\/{rel}","templated":true}]}}